{"id":1,"date":"2019-05-14T15:14:20","date_gmt":"2019-05-14T13:14:20","guid":{"rendered":"https:\/\/www.carmelasalvatore-nutrizionista.it\/?p=1"},"modified":"2019-06-11T10:38:08","modified_gmt":"2019-06-11T08:38:08","slug":"la-dieta-mediterranea","status":"publish","type":"post","link":"https:\/\/www.carmelasalvatore-nutrizionista.it\/index.php\/2019\/05\/14\/la-dieta-mediterranea\/","title":{"rendered":"La dieta Mediterranea"},"content":{"rendered":"\r\n<p align=\"JUSTIFY\"><img loading=\"lazy\" decoding=\"async\" class=\"alignnone size-full wp-image-139\" src=\"https:\/\/www.carmelasalvatore-nutrizionista.it\/wp-content\/uploads\/2019\/05\/piramide-alimentare-dieta-mediterranea-2.jpg\" alt=\"\" width=\"1000\" height=\"563\" srcset=\"https:\/\/www.carmelasalvatore-nutrizionista.it\/wp-content\/uploads\/2019\/05\/piramide-alimentare-dieta-mediterranea-2.jpg 1000w, https:\/\/www.carmelasalvatore-nutrizionista.it\/wp-content\/uploads\/2019\/05\/piramide-alimentare-dieta-mediterranea-2-300x169.jpg 300w, https:\/\/www.carmelasalvatore-nutrizionista.it\/wp-content\/uploads\/2019\/05\/piramide-alimentare-dieta-mediterranea-2-768x432.jpg 768w\" sizes=\"auto, (max-width: 1000px) 100vw, 1000px\" \/><\/p>\r\n<p align=\"JUSTIFY\">E&#8217; stato il primo Ancel Key, che ha coniato il termine di dieta mediterranea,ad accorgersi , negli anni &#8217;50, che le popolazioni povere di alcune zone dell&#8217;area mediterranea , come l&#8217;Italia e la Grecia, presentavano un tasso di mortalit\u00e0 dovuto a malattie cardiovascolari molto inferiori alla popolazione americana.<\/p>\r\n<p align=\"JUSTIFY\">Successivamente, numerose metanalisi hanno confermato e mostrato che la dieta mediterranea \u00e8 un fattore protettivo contro tutte le cause di morte, specialmente quelle correlate a malattie cardiovascolari ed al cancro, inoltre, \u00e8 protettiva anche verso il morbo di Parkinson e l&#8217;Alzheimer.<\/p>\r\n<p align=\"JUSTIFY\">La dieta mediterranea, anche se \u00e8 stata inventata nell&#8217;Italia meridionale, attualmente non \u00e8 in uso\u00a0neanche l\u00ec, nel meridione, perch\u00e9 \u00e8 stata superata e contagiata dalle mode del benessere, dalle usanze americane, dai ritmi di vita veloci che hanno importato il fast food , il Junk food, che rappresentano purtroppo, cibi ipercalorici, e poco nutrienti, con elevato contenuto di grassi animali e proteine.<\/p>\r\n<p align=\"JUSTIFY\">I cardini della Dieta Mediterranea prevedono:<\/p>\r\n<p align=\"JUSTIFY\">\u00a0un elevato consumo di\u00a0<span style=\"line-height: 1.5;\">vegetali,<\/span><span style=\"line-height: 1.5;\">\u00a0<\/span><span style=\"line-height: 1.5;\">\u00a0frutta , e cereali, perch\u00e9 questi alimenti contengono un elevato contenuto di fibra e sono poveri di grassi, \u00a0contengono una discreta quantit\u00e0 di vitamine del complesso B e un discreto quantitativo di minerali che giocano un ruolo fondamentale nel metabolismo cellulare;<\/span><\/p>\r\n<p align=\"JUSTIFY\">\u00a0cereali,s\u00ec, ma meglio \u00a0integrali, per l&#8217;apporto di fibra;<\/p>\r\n<p align=\"JUSTIFY\">\u00a0l&#8217;olio di oliva che \u00e8 f<span style=\"line-height: 1.5;\">ondamentale <\/span><span style=\"line-height: 1.5;\">per le sue propriet\u00e0 antiossidanti, che prevengono la formazione del colesterolo LDL(cattivo) e quindi tutte le malattie correlate, come le malattie cardiovascolari e l&#8217;aterosclerosi;<\/span><\/p>\r\n<p align=\"JUSTIFY\">discrete quantit\u00e0 di pesce , meglio di piccola taglia e con elevati contenuti di omega 3, come il pesce azzurro.Ricordarsi, che discrete quantit\u00e0 di omega 3 e polifenoli, antiossidanti, sono contenute anche nella frutta secca o oleosa, che per\u00f2 \u00e8 molto calorica;<\/p>\r\n<p align=\"JUSTIFY\">la carne meglio poca e preferire quella magra come la carne bianca;<\/p>\r\n<p align=\"JUSTIFY\">ridotto \u00a0consumo di sale,quello consigliato \u00e8 quello iodato o marino.Al posto del sale, utilizzare le spezie per insaporire i cibi.<\/p>\r\n","protected":false},"excerpt":{"rendered":"<p>E&#8217; stato il primo Ancel Key, che ha coniato il termine di dieta mediterranea,ad accorgersi , negli anni &#8217;50, che le popolazioni povere di alcune zone dell&#8217;area mediterranea , come l&#8217;Italia e la Grecia, presentavano un tasso di mortalit\u00e0 dovuto a malattie cardiovascolari molto inferiori alla popolazione americana. Successivamente, numerose metanalisi hanno confermato e mostrato [&hellip;]<\/p>\n","protected":false},"author":1,"featured_media":0,"comment_status":"closed","ping_status":"open","sticky":false,"template":"","format":"standard","meta":{"footnotes":""},"categories":[1],"tags":[3],"class_list":["post-1","post","type-post","status-publish","format-standard","hentry","category-approfondimenti","tag-dieta-mediterranea"],"_links":{"self":[{"href":"https:\/\/www.carmelasalvatore-nutrizionista.it\/index.php\/wp-json\/wp\/v2\/posts\/1","targetHints":{"allow":["GET"]}}],"collection":[{"href":"https:\/\/www.carmelasalvatore-nutrizionista.it\/index.php\/wp-json\/wp\/v2\/posts"}],"about":[{"href":"https:\/\/www.carmelasalvatore-nutrizionista.it\/index.php\/wp-json\/wp\/v2\/types\/post"}],"author":[{"embeddable":true,"href":"https:\/\/www.carmelasalvatore-nutrizionista.it\/index.php\/wp-json\/wp\/v2\/users\/1"}],"replies":[{"embeddable":true,"href":"https:\/\/www.carmelasalvatore-nutrizionista.it\/index.php\/wp-json\/wp\/v2\/comments?post=1"}],"version-history":[{"count":5,"href":"https:\/\/www.carmelasalvatore-nutrizionista.it\/index.php\/wp-json\/wp\/v2\/posts\/1\/revisions"}],"predecessor-version":[{"id":249,"href":"https:\/\/www.carmelasalvatore-nutrizionista.it\/index.php\/wp-json\/wp\/v2\/posts\/1\/revisions\/249"}],"wp:attachment":[{"href":"https:\/\/www.carmelasalvatore-nutrizionista.it\/index.php\/wp-json\/wp\/v2\/media?parent=1"}],"wp:term":[{"taxonomy":"category","embeddable":true,"href":"https:\/\/www.carmelasalvatore-nutrizionista.it\/index.php\/wp-json\/wp\/v2\/categories?post=1"},{"taxonomy":"post_tag","embeddable":true,"href":"https:\/\/www.carmelasalvatore-nutrizionista.it\/index.php\/wp-json\/wp\/v2\/tags?post=1"}],"curies":[{"name":"wp","href":"https:\/\/api.w.org\/{rel}","templated":true}]}}